{"id":3423,"date":"2021-05-20T12:00:00","date_gmt":"2021-05-20T16:00:00","guid":{"rendered":"https:\/\/martinehebert.uqam.ca\/?p=3423"},"modified":"2021-05-18T14:39:48","modified_gmt":"2021-05-18T18:39:48","slug":"research-professional-portrait-renee","status":"publish","type":"post","link":"https:\/\/martinehebert.uqam.ca\/en\/nouvelles-en\/research-professional-portrait-renee\/","title":{"rendered":"Research Professional Portrait &#8211; Ren\u00e9e"},"content":{"rendered":"\n<div style=\"height:30px\" aria-hidden=\"true\" class=\"wp-block-spacer\"><\/div>\n\n\n\n<p>Ms. S\u00e9guin holds an undergraduate degree in Human Sciences with a specialization in psychology. She has worked in the field of research for over 35 years as a research team coordinator.<\/p>\n\n\n\n<p>Since 2019, Ren\u00e9e has been involved with \u00c9VISSA and the Canada Research Chair on Interpersonal Trauma and Resilience, for which Martine H\u00e9bert, Ph.D. is the director.<\/p>\n\n\n\n<p>Ren\u00e9e&#8217;s career has been focused on assisting recognized researchers to develop expertise in the academic field through research in the human sciences, and on developing and updating knowledge transfer activities to promote best practices in intervention settings. Martine H\u00e9bert&#8217;s research team offers her every opportunity to apply her professional expertise to promote a world without violence against children to contribute to their optimal life trajectory.<\/p>\n\n\n\n<div style=\"height:30px\" aria-hidden=\"true\" class=\"wp-block-spacer\"><\/div>\n\n\n\n<figure class=\"wp-block-image size-large\"><img loading=\"lazy\" decoding=\"async\" width=\"1024\" height=\"538\" src=\"https:\/\/martinehebert.uqam.ca\/wp-content\/uploads\/sites\/145\/007-3-1024x538.png\" alt=\"\" class=\"wp-image-3424\" srcset=\"https:\/\/martinehebert.uqam.ca\/wp-content\/uploads\/sites\/145\/007-3-1024x538.png 1024w, https:\/\/martinehebert.uqam.ca\/wp-content\/uploads\/sites\/145\/007-3-300x158.png 300w, https:\/\/martinehebert.uqam.ca\/wp-content\/uploads\/sites\/145\/007-3-768x403.png 768w, https:\/\/martinehebert.uqam.ca\/wp-content\/uploads\/sites\/145\/007-3.png 1200w\" sizes=\"auto, (max-width: 1024px) 100vw, 1024px\" \/><\/figure>\n","protected":false},"excerpt":{"rendered":"<p>Ms. S\u00e9guin holds an undergraduate degree in Human Sciences with a specialization in psychology. She has worked in the field of research for over 35 years as a research team coordinator. Since 2019, Ren\u00e9e has been involved with \u00c9VISSA and the Canada Research Chair on Interpersonal Trauma and Resilience, for which Martine H\u00e9bert, Ph.D. is [&hellip;]<\/p>\n","protected":false},"author":662,"featured_media":0,"comment_status":"closed","ping_status":"closed","sticky":false,"template":"","format":"standard","meta":{"_editorskit_title_hidden":false,"_editorskit_reading_time":0,"_editorskit_is_block_options_detached":false,"_editorskit_block_options_position":"{}","footnotes":""},"categories":[20],"tags":[],"class_list":["post-3423","post","type-post","status-publish","format-standard","hentry","category-nouvelles-en"],"yoast_head":"<!-- This site is optimized with the Yoast SEO plugin v27.5 - https:\/\/yoast.com\/product\/yoast-seo-wordpress\/ -->\n<title>Research Professional Portrait - Ren\u00e9e | Laboratoire de recherche de Martine H\u00e9bert | UQAM<\/title>\n<meta name=\"robots\" content=\"index, follow, max-snippet:-1, max-image-preview:large, max-video-preview:-1\" \/>\n<link rel=\"canonical\" href=\"https:\/\/martinehebert.uqam.ca\/nouvelles-en\/research-professional-portrait-renee\/?lang=en\" \/>\n<meta property=\"og:locale\" content=\"en_US\" \/>\n<meta property=\"og:type\" content=\"article\" \/>\n<meta property=\"og:title\" content=\"Research Professional Portrait - Ren\u00e9e | Laboratoire de recherche de Martine H\u00e9bert | UQAM\" \/>\n<meta property=\"og:description\" content=\"Ms. S\u00e9guin holds an undergraduate degree in Human Sciences with a specialization in psychology. She has worked in the field of research for over 35 years as a research team coordinator. Since 2019, Ren\u00e9e has been involved with \u00c9VISSA and the Canada Research Chair on Interpersonal Trauma and Resilience, for which Martine H\u00e9bert, Ph.D. is [&hellip;]\" \/>\n<meta property=\"og:url\" content=\"https:\/\/martinehebert.uqam.ca\/nouvelles-en\/research-professional-portrait-renee\/?lang=en\" \/>\n<meta property=\"og:site_name\" content=\"Laboratoire de recherche de Martine H\u00e9bert\" \/>\n<meta property=\"article:published_time\" content=\"2021-05-20T16:00:00+00:00\" \/>\n<meta property=\"og:image\" content=\"https:\/\/martinehebert.uqam.ca\/wp-content\/uploads\/sites\/145\/007-3-1024x538.png\" \/>\n<meta name=\"author\" content=\"ba291089\" \/>\n<meta name=\"twitter:card\" content=\"summary_large_image\" \/>\n<meta name=\"twitter:label1\" content=\"Written by\" \/>\n\t<meta name=\"twitter:data1\" content=\"ba291089\" \/>\n\t<meta name=\"twitter:label2\" content=\"Est. reading time\" \/>\n\t<meta name=\"twitter:data2\" content=\"1 minute\" \/>\n<script type=\"application\/ld+json\" class=\"yoast-schema-graph\">{\"@context\":\"https:\\\/\\\/schema.org\",\"@graph\":[{\"@type\":\"Article\",\"@id\":\"https:\\\/\\\/martinehebert.uqam.ca\\\/nouvelles-en\\\/research-professional-portrait-renee\\\/?lang=en#article\",\"isPartOf\":{\"@id\":\"https:\\\/\\\/martinehebert.uqam.ca\\\/nouvelles-en\\\/research-professional-portrait-renee\\\/?lang=en\"},\"author\":{\"name\":\"ba291089\",\"@id\":\"https:\\\/\\\/martinehebert.uqam.ca\\\/#\\\/schema\\\/person\\\/e403a75956d56effe687db12b653756a\"},\"headline\":\"Research Professional Portrait &#8211; Ren\u00e9e\",\"datePublished\":\"2021-05-20T16:00:00+00:00\",\"mainEntityOfPage\":{\"@id\":\"https:\\\/\\\/martinehebert.uqam.ca\\\/nouvelles-en\\\/research-professional-portrait-renee\\\/?lang=en\"},\"wordCount\":134,\"image\":{\"@id\":\"https:\\\/\\\/martinehebert.uqam.ca\\\/nouvelles-en\\\/research-professional-portrait-renee\\\/?lang=en#primaryimage\"},\"thumbnailUrl\":\"https:\\\/\\\/martinehebert.uqam.ca\\\/wp-content\\\/uploads\\\/sites\\\/145\\\/007-3-1024x538.png\",\"articleSection\":[\"Nouvelles\"],\"inLanguage\":\"en-US\"},{\"@type\":\"WebPage\",\"@id\":\"https:\\\/\\\/martinehebert.uqam.ca\\\/nouvelles-en\\\/research-professional-portrait-renee\\\/?lang=en\",\"url\":\"https:\\\/\\\/martinehebert.uqam.ca\\\/nouvelles-en\\\/research-professional-portrait-renee\\\/?lang=en\",\"name\":\"Research Professional Portrait - Ren\u00e9e | Laboratoire de recherche de Martine H\u00e9bert | UQAM\",\"isPartOf\":{\"@id\":\"https:\\\/\\\/martinehebert.uqam.ca\\\/#website\"},\"primaryImageOfPage\":{\"@id\":\"https:\\\/\\\/martinehebert.uqam.ca\\\/nouvelles-en\\\/research-professional-portrait-renee\\\/?lang=en#primaryimage\"},\"image\":{\"@id\":\"https:\\\/\\\/martinehebert.uqam.ca\\\/nouvelles-en\\\/research-professional-portrait-renee\\\/?lang=en#primaryimage\"},\"thumbnailUrl\":\"https:\\\/\\\/martinehebert.uqam.ca\\\/wp-content\\\/uploads\\\/sites\\\/145\\\/007-3-1024x538.png\",\"datePublished\":\"2021-05-20T16:00:00+00:00\",\"author\":{\"@id\":\"https:\\\/\\\/martinehebert.uqam.ca\\\/#\\\/schema\\\/person\\\/e403a75956d56effe687db12b653756a\"},\"breadcrumb\":{\"@id\":\"https:\\\/\\\/martinehebert.uqam.ca\\\/nouvelles-en\\\/research-professional-portrait-renee\\\/?lang=en#breadcrumb\"},\"inLanguage\":\"en-US\",\"potentialAction\":[{\"@type\":\"ReadAction\",\"target\":[\"https:\\\/\\\/martinehebert.uqam.ca\\\/nouvelles-en\\\/research-professional-portrait-renee\\\/?lang=en\"]}]},{\"@type\":\"ImageObject\",\"inLanguage\":\"en-US\",\"@id\":\"https:\\\/\\\/martinehebert.uqam.ca\\\/nouvelles-en\\\/research-professional-portrait-renee\\\/?lang=en#primaryimage\",\"url\":\"https:\\\/\\\/martinehebert.uqam.ca\\\/wp-content\\\/uploads\\\/sites\\\/145\\\/007-3-1024x538.png\",\"contentUrl\":\"https:\\\/\\\/martinehebert.uqam.ca\\\/wp-content\\\/uploads\\\/sites\\\/145\\\/007-3-1024x538.png\"},{\"@type\":\"BreadcrumbList\",\"@id\":\"https:\\\/\\\/martinehebert.uqam.ca\\\/nouvelles-en\\\/research-professional-portrait-renee\\\/?lang=en#breadcrumb\",\"itemListElement\":[{\"@type\":\"ListItem\",\"position\":1,\"name\":\"UQAM\",\"item\":\"https:\\\/\\\/uqam.ca\"},{\"@type\":\"ListItem\",\"position\":2,\"name\":\"Laboratoire de recherche de Martine H\u00e9bert\",\"item\":\"https:\\\/\\\/martinehebert.uqam.ca\\\/en\\\/\"},{\"@type\":\"ListItem\",\"position\":3,\"name\":\"Research Professional Portrait &#8211; Ren\u00e9e\"}]},{\"@type\":\"WebSite\",\"@id\":\"https:\\\/\\\/martinehebert.uqam.ca\\\/#website\",\"url\":\"https:\\\/\\\/martinehebert.uqam.ca\\\/\",\"name\":\"Laboratoire de recherche de Martine H\u00e9bert\",\"description\":\"Laboratoire de recherche de Martine H\u00e9bert\",\"potentialAction\":[{\"@type\":\"SearchAction\",\"target\":{\"@type\":\"EntryPoint\",\"urlTemplate\":\"https:\\\/\\\/martinehebert.uqam.ca\\\/en\\\/\\\/recherche\\\/?q={search_term_string}\"},\"query-input\":{\"@type\":\"PropertyValueSpecification\",\"valueRequired\":true,\"valueName\":\"search_term_string\"}}],\"inLanguage\":\"en-US\"},{\"@type\":\"Person\",\"@id\":\"https:\\\/\\\/martinehebert.uqam.ca\\\/#\\\/schema\\\/person\\\/e403a75956d56effe687db12b653756a\",\"name\":\"ba291089\",\"url\":\"https:\\\/\\\/martinehebert.uqam.ca\\\/en\\\/author\\\/ba291089\\\/\"}]}<\/script>\n<!-- \/ Yoast SEO plugin. -->","yoast_head_json":{"title":"Research Professional Portrait - Ren\u00e9e | Laboratoire de recherche de Martine H\u00e9bert | UQAM","robots":{"index":"index","follow":"follow","max-snippet":"max-snippet:-1","max-image-preview":"max-image-preview:large","max-video-preview":"max-video-preview:-1"},"canonical":"https:\/\/martinehebert.uqam.ca\/nouvelles-en\/research-professional-portrait-renee\/?lang=en","og_locale":"en_US","og_type":"article","og_title":"Research Professional Portrait - Ren\u00e9e | Laboratoire de recherche de Martine H\u00e9bert | UQAM","og_description":"Ms. S\u00e9guin holds an undergraduate degree in Human Sciences with a specialization in psychology. She has worked in the field of research for over 35 years as a research team coordinator. Since 2019, Ren\u00e9e has been involved with \u00c9VISSA and the Canada Research Chair on Interpersonal Trauma and Resilience, for which Martine H\u00e9bert, Ph.D. is [&hellip;]","og_url":"https:\/\/martinehebert.uqam.ca\/nouvelles-en\/research-professional-portrait-renee\/?lang=en","og_site_name":"Laboratoire de recherche de Martine H\u00e9bert","article_published_time":"2021-05-20T16:00:00+00:00","og_image":[{"url":"https:\/\/martinehebert.uqam.ca\/wp-content\/uploads\/sites\/145\/007-3-1024x538.png","type":"","width":"","height":""}],"author":"ba291089","twitter_card":"summary_large_image","twitter_misc":{"Written by":"ba291089","Est. reading time":"1 minute"},"schema":{"@context":"https:\/\/schema.org","@graph":[{"@type":"Article","@id":"https:\/\/martinehebert.uqam.ca\/nouvelles-en\/research-professional-portrait-renee\/?lang=en#article","isPartOf":{"@id":"https:\/\/martinehebert.uqam.ca\/nouvelles-en\/research-professional-portrait-renee\/?lang=en"},"author":{"name":"ba291089","@id":"https:\/\/martinehebert.uqam.ca\/#\/schema\/person\/e403a75956d56effe687db12b653756a"},"headline":"Research Professional Portrait &#8211; Ren\u00e9e","datePublished":"2021-05-20T16:00:00+00:00","mainEntityOfPage":{"@id":"https:\/\/martinehebert.uqam.ca\/nouvelles-en\/research-professional-portrait-renee\/?lang=en"},"wordCount":134,"image":{"@id":"https:\/\/martinehebert.uqam.ca\/nouvelles-en\/research-professional-portrait-renee\/?lang=en#primaryimage"},"thumbnailUrl":"https:\/\/martinehebert.uqam.ca\/wp-content\/uploads\/sites\/145\/007-3-1024x538.png","articleSection":["Nouvelles"],"inLanguage":"en-US"},{"@type":"WebPage","@id":"https:\/\/martinehebert.uqam.ca\/nouvelles-en\/research-professional-portrait-renee\/?lang=en","url":"https:\/\/martinehebert.uqam.ca\/nouvelles-en\/research-professional-portrait-renee\/?lang=en","name":"Research Professional Portrait - Ren\u00e9e | Laboratoire de recherche de Martine H\u00e9bert | UQAM","isPartOf":{"@id":"https:\/\/martinehebert.uqam.ca\/#website"},"primaryImageOfPage":{"@id":"https:\/\/martinehebert.uqam.ca\/nouvelles-en\/research-professional-portrait-renee\/?lang=en#primaryimage"},"image":{"@id":"https:\/\/martinehebert.uqam.ca\/nouvelles-en\/research-professional-portrait-renee\/?lang=en#primaryimage"},"thumbnailUrl":"https:\/\/martinehebert.uqam.ca\/wp-content\/uploads\/sites\/145\/007-3-1024x538.png","datePublished":"2021-05-20T16:00:00+00:00","author":{"@id":"https:\/\/martinehebert.uqam.ca\/#\/schema\/person\/e403a75956d56effe687db12b653756a"},"breadcrumb":{"@id":"https:\/\/martinehebert.uqam.ca\/nouvelles-en\/research-professional-portrait-renee\/?lang=en#breadcrumb"},"inLanguage":"en-US","potentialAction":[{"@type":"ReadAction","target":["https:\/\/martinehebert.uqam.ca\/nouvelles-en\/research-professional-portrait-renee\/?lang=en"]}]},{"@type":"ImageObject","inLanguage":"en-US","@id":"https:\/\/martinehebert.uqam.ca\/nouvelles-en\/research-professional-portrait-renee\/?lang=en#primaryimage","url":"https:\/\/martinehebert.uqam.ca\/wp-content\/uploads\/sites\/145\/007-3-1024x538.png","contentUrl":"https:\/\/martinehebert.uqam.ca\/wp-content\/uploads\/sites\/145\/007-3-1024x538.png"},{"@type":"BreadcrumbList","@id":"https:\/\/martinehebert.uqam.ca\/nouvelles-en\/research-professional-portrait-renee\/?lang=en#breadcrumb","itemListElement":[{"@type":"ListItem","position":1,"name":"UQAM","item":"https:\/\/uqam.ca"},{"@type":"ListItem","position":2,"name":"Laboratoire de recherche de Martine H\u00e9bert","item":"https:\/\/martinehebert.uqam.ca\/en\/"},{"@type":"ListItem","position":3,"name":"Research Professional Portrait &#8211; Ren\u00e9e"}]},{"@type":"WebSite","@id":"https:\/\/martinehebert.uqam.ca\/#website","url":"https:\/\/martinehebert.uqam.ca\/","name":"Laboratoire de recherche de Martine H\u00e9bert","description":"Laboratoire de recherche de Martine H\u00e9bert","potentialAction":[{"@type":"SearchAction","target":{"@type":"EntryPoint","urlTemplate":"https:\/\/martinehebert.uqam.ca\/en\/\/recherche\/?q={search_term_string}"},"query-input":{"@type":"PropertyValueSpecification","valueRequired":true,"valueName":"search_term_string"}}],"inLanguage":"en-US"},{"@type":"Person","@id":"https:\/\/martinehebert.uqam.ca\/#\/schema\/person\/e403a75956d56effe687db12b653756a","name":"ba291089","url":"https:\/\/martinehebert.uqam.ca\/en\/author\/ba291089\/"}]}},"_links":{"self":[{"href":"https:\/\/martinehebert.uqam.ca\/en\/wp-json\/wp\/v2\/posts\/3423","targetHints":{"allow":["GET"]}}],"collection":[{"href":"https:\/\/martinehebert.uqam.ca\/en\/wp-json\/wp\/v2\/posts"}],"about":[{"href":"https:\/\/martinehebert.uqam.ca\/en\/wp-json\/wp\/v2\/types\/post"}],"author":[{"embeddable":true,"href":"https:\/\/martinehebert.uqam.ca\/en\/wp-json\/wp\/v2\/users\/662"}],"replies":[{"embeddable":true,"href":"https:\/\/martinehebert.uqam.ca\/en\/wp-json\/wp\/v2\/comments?post=3423"}],"version-history":[{"count":1,"href":"https:\/\/martinehebert.uqam.ca\/en\/wp-json\/wp\/v2\/posts\/3423\/revisions"}],"predecessor-version":[{"id":3426,"href":"https:\/\/martinehebert.uqam.ca\/en\/wp-json\/wp\/v2\/posts\/3423\/revisions\/3426"}],"wp:attachment":[{"href":"https:\/\/martinehebert.uqam.ca\/en\/wp-json\/wp\/v2\/media?parent=3423"}],"wp:term":[{"taxonomy":"category","embeddable":true,"href":"https:\/\/martinehebert.uqam.ca\/en\/wp-json\/wp\/v2\/categories?post=3423"},{"taxonomy":"post_tag","embeddable":true,"href":"https:\/\/martinehebert.uqam.ca\/en\/wp-json\/wp\/v2\/tags?post=3423"}],"curies":[{"name":"wp","href":"https:\/\/api.w.org\/{rel}","templated":true}]}}